{"id":2626,"date":"2019-02-21T17:07:15","date_gmt":"2019-02-21T16:07:15","guid":{"rendered":"https:\/\/missillac-notredamedelabriere.fr\/?p=2626"},"modified":"2019-02-21T17:10:54","modified_gmt":"2019-02-21T16:10:54","slug":"attention-et-concentration","status":"publish","type":"post","link":"https:\/\/missillac-notredamedelabriere.fr\/?p=2626","title":{"rendered":"Attention et concentration"},"content":{"rendered":"<p><a href=\"https:\/\/missillac-notredamedelabriere.fr\/wp-content\/uploads\/2019\/02\/image-concentration-attention-distraction.png\"><img decoding=\"async\" class=\"alignnone size-full wp-image-2627\" src=\"https:\/\/missillac-notredamedelabriere.fr\/wp-content\/uploads\/2019\/02\/image-concentration-attention-distraction.png\" alt=\"\" width=\"230\" height=\"202\"><\/a><\/p>\n<p>La th\u00e9matique cette ann\u00e9e est : &#8220;Comment am\u00e9liorer l&#8217;attention et la concentration des \u00e9l\u00e8ves ?&#8221;.<\/p>\n<p>La communaut\u00e9 \u00e9ducative de l&#8217;\u00e9cole Notre Dame de la Bri\u00e8re s&#8217;est r\u00e9unie le samedi 12 janvier pour engager une r\u00e9flexion et proposer des axes de travail.<\/p>\n<p>Afin de poser les bases d&#8217;un \u00e9change constructif, nous avons visionn\u00e9 un extrait d&#8217;\u00e9mission consacr\u00e9 \u00e0 Jean-Philippe LACHAUX, chercheur en neurosciences et directeur de l&#8217;INSERM \u00e0 Lyon. La vid\u00e9o est \u00e0 la fin de cet article.<\/p>\n<p>Parents, \u00e9l\u00e8ves et enseignants ont apport\u00e9 leur contribution autour d&#8217;un d\u00e9bat engag\u00e9 dont les grandes lignes sont les suivantes et seront \u00e0 l&#8217;appr\u00e9ciation de chacun :<\/p>\n<ul style=\"list-style-type: disc;\">\n<li>Une semaine sans \u00e9crans (effets n\u00e9gatifs sur la concentration de la journ\u00e9e si un enfant regarde un \u00e9cran avant de travailler).<\/li>\n<li>Objets de manipulation anti-stress, casque anti-bruit, endroits sp\u00e9cifiques dans une classe afin de se recentrer.<\/li>\n<li>Accueil des \u00e9l\u00e8ves de primaire directement en classe, ce qui leur laissent le temps de ranger leurs affaires et de se mettre en projet de travailler.<\/li>\n<li>Dessins, origami, jeux math\u00e9matiques, Multibrios (en lien avec les intelligences multiples), puzzles, \u00e9couter une histoire avec un casque, braingym, exercices de relaxation, de recentration&#8230; font partis d&#8217;une diversit\u00e9 d&#8217;outils p\u00e9dagogiques qui aident \u00e0 la concentration et fixent l&#8217;attention des \u00e9l\u00e8ves.<\/li>\n<li>Travailler le PIM, Perception Intention et Mani\u00e8re d&#8217;agir&nbsp; (cf vid\u00e9o Jean-Philippe Lachaux) pour aider l&#8217;enfant \u00e0 avoir une m\u00e9thode qui le guide dans sa concentration.<\/li>\n<li>Proposer une conf\u00e9rence des effets des \u00e9crans sur les \u00e9l\u00e8ves.<\/li>\n<\/ul>\n<p>Il s&#8217;agit bien entendu d&#8217;une liste non exhaustive de propositions et qui peut s&#8217;alimenter des pratiques et savoirs de tous les acteurs de la communaut\u00e9 \u00e9ducative.<\/p>\n<p>Je tiens \u00e0 remercier toutes les personnes et \u00e9l\u00e8ves pr\u00e9sents ce samedi, votre engagement participe au partenariat famille\/\u00e9cole et \u00e0 l&#8217;\u00e9volution du projet d&#8217;\u00e9tablissement.<\/p>\n<p>Bien Cordialement<\/p>\n<p>St\u00e9phane Schmit<\/p>\n<p>Chef d&#8217;\u00e9tablissement de l&#8217;\u00e9cole Notre Dame de la Bri\u00e8re, Missillac. &nbsp;<\/p>\n<div class='embed-container'><iframe title=\"Sant\u00e9 - Psycho : Comment aider nos enfants \u00e0 se concentrer ?\" width=\"1920\" height=\"1080\" src=\"https:\/\/www.youtube.com\/embed\/PZxBzGk3F-8?feature=oembed\" frameborder=\"0\" allow=\"accelerometer; autoplay; clipboard-write; encrypted-media; gyroscope; picture-in-picture\" allowfullscreen><\/iframe><\/div>\n","protected":false},"excerpt":{"rendered":"<p>La th\u00e9matique cette ann\u00e9e est : &#8220;Comment am\u00e9liorer l&#8217;attention et la concentration des \u00e9l\u00e8ves ?&#8221;. La communaut\u00e9 \u00e9ducative de l&#8217;\u00e9cole Notre Dame de la Bri\u00e8re s&#8217;est r\u00e9unie le samedi 12 janvier pour engager une r\u00e9flexion et proposer des axes de travail. Afin de poser les bases d&#8217;un \u00e9change constructif, nous avons visionn\u00e9 un extrait d&#8217;\u00e9mission&hellip; <br \/> <a class=\"read-more\" href=\"https:\/\/missillac-notredamedelabriere.fr\/?p=2626\">Lire la suite<\/a><\/p>\n","protected":false},"author":28,"featured_media":2627,"comment_status":"closed","ping_status":"closed","sticky":false,"template":"","format":"standard","meta":{"ngg_post_thumbnail":0,"footnotes":""},"categories":[29],"tags":[],"class_list":["post-2626","post","type-post","status-publish","format-standard","has-post-thumbnail","hentry","category-conseils"],"_links":{"self":[{"href":"https:\/\/missillac-notredamedelabriere.fr\/index.php?rest_route=\/wp\/v2\/posts\/2626","targetHints":{"allow":["GET"]}}],"collection":[{"href":"https:\/\/missillac-notredamedelabriere.fr\/index.php?rest_route=\/wp\/v2\/posts"}],"about":[{"href":"https:\/\/missillac-notredamedelabriere.fr\/index.php?rest_route=\/wp\/v2\/types\/post"}],"author":[{"embeddable":true,"href":"https:\/\/missillac-notredamedelabriere.fr\/index.php?rest_route=\/wp\/v2\/users\/28"}],"replies":[{"embeddable":true,"href":"https:\/\/missillac-notredamedelabriere.fr\/index.php?rest_route=%2Fwp%2Fv2%2Fcomments&post=2626"}],"version-history":[{"count":1,"href":"https:\/\/missillac-notredamedelabriere.fr\/index.php?rest_route=\/wp\/v2\/posts\/2626\/revisions"}],"predecessor-version":[{"id":2628,"href":"https:\/\/missillac-notredamedelabriere.fr\/index.php?rest_route=\/wp\/v2\/posts\/2626\/revisions\/2628"}],"wp:featuredmedia":[{"embeddable":true,"href":"https:\/\/missillac-notredamedelabriere.fr\/index.php?rest_route=\/wp\/v2\/media\/2627"}],"wp:attachment":[{"href":"https:\/\/missillac-notredamedelabriere.fr\/index.php?rest_route=%2Fwp%2Fv2%2Fmedia&parent=2626"}],"wp:term":[{"taxonomy":"category","embeddable":true,"href":"https:\/\/missillac-notredamedelabriere.fr\/index.php?rest_route=%2Fwp%2Fv2%2Fcategories&post=2626"},{"taxonomy":"post_tag","embeddable":true,"href":"https:\/\/missillac-notredamedelabriere.fr\/index.php?rest_route=%2Fwp%2Fv2%2Ftags&post=2626"}],"curies":[{"name":"wp","href":"https:\/\/api.w.org\/{rel}","templated":true}]}}